[{"@context":"https:\/\/schema.org\/","@type":"Article","@id":"https:\/\/www.ziris.cz\/bila-barva-je-proste-nadcasova-a-elegantni-zaroven\/#Article","mainEntityOfPage":"https:\/\/www.ziris.cz\/bila-barva-je-proste-nadcasova-a-elegantni-zaroven\/","headline":"B\u00edl\u00e1 barva je prost\u011b nad\u010dasov\u00e1 a elegantn\u00ed z\u00e1rove\u0148","name":"B\u00edl\u00e1 barva je prost\u011b nad\u010dasov\u00e1 a elegantn\u00ed z\u00e1rove\u0148","description":"Kuchyn\u011b Plze\u0148 V\u00e1m zaru\u010den\u011b spln\u00ed ka\u017ed\u00e9 Va\u0161e p\u0159\u00e1n\u00ed. Va\u0159en\u00ed si nikdy nebudete n\u00e1le\u017eit\u011b u\u017e\u00edvat, pokud pro tuto \u010dinnost nebudete m\u00edt kvalitn\u00ed a p\u0159\u00edjemn\u00e9 prost\u0159ed\u00ed. Kdy\u017e se budete c\u00edtit p\u0159\u00edjemn\u011b, zaru\u010den\u011b V\u00e1m budou pod rukama vznikat \u00fa\u017easn\u00e9 pokrmy, kter\u00e9 budou v\u0161ichni obdivovat. Pokud zvol\u00edte do Va\u0161eho interi\u00e9ru b\u00edlou barvu, zaru\u010den\u011b t\u00edm nic nepokaz\u00edte. B\u00edl\u00e1 barva bude","datePublished":"2024-11-28","dateModified":"2024-11-28","author":{"@type":"Person","@id":"https:\/\/www.ziris.cz\/author\/devene\/#Person","name":"devene","url":"https:\/\/www.ziris.cz\/author\/devene\/","identifier":1,"image":{"@type":"ImageObject","@id":"https:\/\/secure.gravatar.com\/avatar\/a6945111a6684c356ffa2edea93eeeab9450e38d2439d8ecd0a625f734db9218?s=96&d=mm&r=g","url":"https:\/\/secure.gravatar.com\/avatar\/a6945111a6684c356ffa2edea93eeeab9450e38d2439d8ecd0a625f734db9218?s=96&d=mm&r=g","height":96,"width":96}},"publisher":{"@type":"Organization","name":"ziris.cz","logo":{"@type":"ImageObject","@id":"\/logo.png","url":"\/logo.png","width":600,"height":60}},"url":"https:\/\/www.ziris.cz\/bila-barva-je-proste-nadcasova-a-elegantni-zaroven\/","wordCount":174,"articleBody":"Kuchyn\u011b Plze\u0148 V\u00e1m zaru\u010den\u011b spln\u00ed ka\u017ed\u00e9 Va\u0161e p\u0159\u00e1n\u00ed. Va\u0159en\u00ed si nikdy nebudete n\u00e1le\u017eit\u011b u\u017e\u00edvat, pokud pro tuto \u010dinnost nebudete m\u00edt kvalitn\u00ed a p\u0159\u00edjemn\u00e9 prost\u0159ed\u00ed. Kdy\u017e se budete c\u00edtit p\u0159\u00edjemn\u011b, zaru\u010den\u011b V\u00e1m budou pod rukama vznikat \u00fa\u017easn\u00e9 pokrmy, kter\u00e9 budou v\u0161ichni obdivovat. Pokud zvol\u00edte do Va\u0161eho interi\u00e9ru b\u00edlou barvu, zaru\u010den\u011b t\u00edm nic nepokaz\u00edte. B\u00edl\u00e1 barva bude modern\u00ed i za p\u00e1r let. Je to st\u00e1lice, kter\u00e1 je elegantn\u00ed a nad\u010dasov\u00e1 z\u00e1rove\u0148.Sv\u011b\u017e\u00ed kombinace dvou barev um\u00ed z\u00e1zrakyKuchyn\u011b Plze\u0148 V\u00e1m pomohou vybrat ten nejvhodn\u011bj\u0161\u00ed model do Va\u0161eho interi\u00e9ru. Mo\u017en\u00e1 bude vhodn\u00e9 zkombinovat dv\u011b nebo t\u0159i barvy a sladit si tak Va\u0161i dom\u00e1cnost do dan\u00fdch ton\u016f. Zelen\u00e1 s \u0161edou bude jist\u011b dobr\u00e1 volba. Kdy\u017e se V\u00e1m zelen\u00e1 okouk\u00e1, m\u016f\u017eete ji vym\u011bnit t\u0159eba za \u017elutou, kter\u00e1 V\u00e1\u0161 interi\u00e9r kr\u00e1sn\u011b prosv\u011btl\u00ed.                                                                                                                                                                                                                                                                                                                                                                                        5\/5 - (2 votes)        "},{"@context":"https:\/\/schema.org\/","@type":"BreadcrumbList","itemListElement":[{"@type":"ListItem","position":1,"name":"B\u00edl\u00e1 barva je prost\u011b nad\u010dasov\u00e1 a elegantn\u00ed z\u00e1rove\u0148","item":"https:\/\/www.ziris.cz\/bila-barva-je-proste-nadcasova-a-elegantni-zaroven\/#breadcrumbitem"}]}]