[{"@context":"https:\/\/schema.org\/","@type":"Article","@id":"https:\/\/www.ziris.cz\/po-stopach-predku\/#Article","mainEntityOfPage":"https:\/\/www.ziris.cz\/po-stopach-predku\/","headline":"Po stop\u00e1ch p\u0159edk\u016f","name":"Po stop\u00e1ch p\u0159edk\u016f","description":"Pokud se rozhodnete pro v\u00edkendov\u00fd https:\/\/www.kosmas.cz\/knihy\/234298\/osud-ve-svych-rukach\/ pobyt nebo romantickou dovolenou v tomto kraji, historie na v\u00e1s bude d\u00fdchat doslova ze v\u0161ech stran a jen budete vyb\u00edrat c\u00edle va\u0161ich n\u00e1v\u0161t\u011bv ze \u0161irok\u00e9 nab\u00eddky, kterou v\u00e1m r\u00e1di p\u0159edlo\u017e\u00ed ve zdej\u0161\u00edm turistick\u00e9m informa\u010dn\u00edm centru. Pro stejn\u011b tak romantick\u00e9 a stylov\u00e9 bydlen\u00ed m\u016f\u017eete zvolit ubytov\u00e1n\u00ed loket, p\u0159\u00edmo v centru","datePublished":"2020-01-03","dateModified":"2023-05-03","author":{"@type":"Person","@id":"https:\/\/www.ziris.cz\/author\/devene\/#Person","name":"devene","url":"https:\/\/www.ziris.cz\/author\/devene\/","identifier":1,"image":{"@type":"ImageObject","@id":"https:\/\/secure.gravatar.com\/avatar\/a6945111a6684c356ffa2edea93eeeab9450e38d2439d8ecd0a625f734db9218?s=96&d=mm&r=g","url":"https:\/\/secure.gravatar.com\/avatar\/a6945111a6684c356ffa2edea93eeeab9450e38d2439d8ecd0a625f734db9218?s=96&d=mm&r=g","height":96,"width":96}},"publisher":{"@type":"Organization","name":"ziris.cz","logo":{"@type":"ImageObject","@id":"\/logo.png","url":"\/logo.png","width":600,"height":60}},"image":{"@type":"ImageObject","@id":"https:\/\/www.ziris.cz\/wp-content\/uploads\/img_a373805_w1761_t1585219299.jpg","url":"https:\/\/www.ziris.cz\/wp-content\/uploads\/img_a373805_w1761_t1585219299.jpg","height":0,"width":0},"url":"https:\/\/www.ziris.cz\/po-stopach-predku\/","about":["V\u00fdrobky"],"wordCount":439,"articleBody":"      Pokud se rozhodnete pro v\u00edkendov\u00fd  https:\/\/www.kosmas.cz\/knihy\/234298\/osud-ve-svych-rukach\/ pobyt nebo romantickou dovolenou v tomto kraji, historie na v\u00e1s bude d\u00fdchat doslova ze v\u0161ech stran a jen budete vyb\u00edrat c\u00edle va\u0161ich n\u00e1v\u0161t\u011bv ze \u0161irok\u00e9 nab\u00eddky, kterou v\u00e1m r\u00e1di p\u0159edlo\u017e\u00ed ve zdej\u0161\u00edm turistick\u00e9m informa\u010dn\u00edm centru. Pro stejn\u011b tak romantick\u00e9 a stylov\u00e9 bydlen\u00ed m\u016f\u017eete zvolit ubytov\u00e1n\u00ed loket, p\u0159\u00edmo v centru historick\u00e9ho kr\u00e1lovsk\u00e9ho m\u011bsta, kde o v\u00e1s bude s nejv\u011bt\u0161\u00ed pe\u010dlivost\u00ed dob\u0159e postar\u00e1no. Samotn\u00e9 m\u011bsto v\u00e1s p\u0159iv\u00edt\u00e1 svou dominantou, kterou je goticko-rom\u00e1nsk\u00fd kamenn\u00fd hrad vystav\u011bn\u00fd za vl\u00e1dy V\u00e1clava I. Na m\u00edst\u011b, kde se v t\u00e9 dob\u011b nach\u00e1zelo slovansk\u00e9 hradi\u0161t\u011b zvan\u00e9 Star\u00fd Loket. Tak jak \u0161la historie na\u0161\u00ed zem\u00ed, hrad m\u011bnil sv\u00e9 p\u00e1ny a \u00fa\u010del a prohnala se tu husitsk\u00e1 vojska, byli zde v\u011bzn\u011bni lid\u00e9 nepohodln\u00ed re\u017eimu, a nakonec hrad a okol\u00ed vyplenili a dobili v dob\u011b t\u0159icetilet\u00e9 v\u00e1lky \u0160v\u00e9dov\u00e9 a mnoho des\u00edtek let pustnul. V cel\u00e9 t\u00e9to divok\u00e9 a nebezpe\u010dn\u00e9 dob\u011b pro\u0161el hrad mnoha \u00fapravami a opravami. Nejciteln\u011bj\u0161\u00ed zm\u011bny v architektu\u0159e za\u010dal po V\u00e1clavovi I. Jan Lucembursk\u00fd, kter\u00fd na hrad\u011b \u010dasto a r\u00e1d pob\u00fdval, a krom\u011b hradu nechal opevnit cel\u00e9 m\u011bsto. V druh\u00e9 polovin\u011b patn\u00e1ct\u00e9ho stolet\u00ed do\u0161lo k ni\u010div\u00e9mu po\u017e\u00e1ru jednoho z dom\u016f v bl\u00edzkosti hradu a ohe\u0148 se p\u0159enesli na hrad, kter\u00fd a\u017e na stavbu zvanou Markrabsk\u00fd d\u016fm stoj\u00edc\u00ed bokem, \u00fapln\u011b vyho\u0159el. V obdob\u00ed pozdn\u00ed gotiky a nastupuj\u00edc\u00ed renesance se na jeho obnov\u011b pod\u00edlely t\u0159i generace \u0160lik\u016f, kte\u0159\u00ed si z t\u00e9to monument\u00e1ln\u00ed stavby ud\u011blali sv\u00e9 rodov\u00e9 reprezenta\u010dn\u00ed s\u00eddlo a spr\u00e1vn\u00ed st\u0159edisko kraje. Za\u010d\u00e1tkem 19. stolet\u00ed se n\u011bkter\u00e9 \u010d\u00e1sti hradu za\u010daly bourat, proto\u017ee jejich oprava by byla mimo\u0159\u00e1dn\u011b n\u00e1ro\u010dn\u00e1. Smutn\u00fd osud s\u00eddla pokra\u010doval i nad\u00e1le a v pr\u016fb\u011bhu let a\u017e do roku 1948 bylo v \u010d\u00e1sti are\u00e1lu v\u011bzen\u00ed. K rarit\u00e1m vystaven\u00fdm v sou\u010dasn\u00e9 expozici pat\u0159\u00ed i \u010d\u00e1st nejv\u011bt\u0161\u00edho zn\u00e1m\u00e9ho meteoritu, kter\u00fd dopadl na nyn\u011bj\u0161\u00ed \u00fazem\u00ed \u010cesk\u00e9 republiky. Dostal i sv\u00e9 jm\u00e9no: Zaklet\u00fd purkrab\u00ed. P\u016fvodn\u011b byl velk\u00fd jako ko\u0148sk\u00e1 hlava a v\u00e1\u017eil kolem 107 kg. Za\u010d\u00e1tkem 19. stolet\u00ed byl roz\u0159ez\u00e1n a jeho podstatn\u00e1 \u010d\u00e1st je dnes ve v\u00edde\u0148sk\u00e9m muzeu.                                                                                                                                                                                                                                                                                                                                                                                          4.8\/5 - (5 votes)        "},{"@context":"https:\/\/schema.org\/","@type":"BreadcrumbList","itemListElement":[{"@type":"ListItem","position":1,"name":"Po stop\u00e1ch p\u0159edk\u016f","item":"https:\/\/www.ziris.cz\/po-stopach-predku\/#breadcrumbitem"}]}]