[{"@context":"https:\/\/schema.org\/","@type":"Article","@id":"https:\/\/www.ziris.cz\/skarede-auto\/#Article","mainEntityOfPage":"https:\/\/www.ziris.cz\/skarede-auto\/","headline":"\u0160kared\u00e9 auto","name":"\u0160kared\u00e9 auto","description":"Tak\u00e9 p\u0159em\u00fd\u0161l\u00edte, \u017ee byste si ji po\u0159\u00eddili nov\u00fd automobil? Nemus\u00ed to b\u00fdt \u00fapln\u011b nov\u00fd automobil z n\u011bjak\u00e9ho salonu. M\u016f\u017ee to b\u00fdt samoz\u0159ejm\u011b tak\u00e9 u\u017e ojet\u00fd automobil. Proto\u017ee jsem si \u0159ekla, \u017ee lid\u00e9, ne\u017e se za\u010dnou rozhodovat, jak\u00fd automobil si po\u0159\u00edd\u00ed, \u017ee by se tak\u00e9 m\u011bli propo\u010d\u00edtat sv\u00e9 finance. Proto\u017ee ne v\u0161echno je levn\u00e9. J\u00e1 sama","datePublished":"2024-09-25","dateModified":"2024-09-25","author":{"@type":"Person","@id":"https:\/\/www.ziris.cz\/author\/devene\/#Person","name":"devene","url":"https:\/\/www.ziris.cz\/author\/devene\/","identifier":1,"image":{"@type":"ImageObject","@id":"https:\/\/secure.gravatar.com\/avatar\/a6945111a6684c356ffa2edea93eeeab9450e38d2439d8ecd0a625f734db9218?s=96&d=mm&r=g","url":"https:\/\/secure.gravatar.com\/avatar\/a6945111a6684c356ffa2edea93eeeab9450e38d2439d8ecd0a625f734db9218?s=96&d=mm&r=g","height":96,"width":96}},"publisher":{"@type":"Organization","name":"ziris.cz","logo":{"@type":"ImageObject","@id":"\/logo.png","url":"\/logo.png","width":600,"height":60}},"image":{"@type":"ImageObject","@id":"https:\/\/www.ziris.cz\/wp-content\/uploads\/nissan-1694345_960_720.jpg","url":"https:\/\/www.ziris.cz\/wp-content\/uploads\/nissan-1694345_960_720.jpg","height":0,"width":0},"url":"https:\/\/www.ziris.cz\/skarede-auto\/","about":["Auto moto"],"wordCount":401,"articleBody":"Tak\u00e9 p\u0159em\u00fd\u0161l\u00edte, \u017ee byste si ji po\u0159\u00eddili nov\u00fd automobil? Nemus\u00ed to b\u00fdt \u00fapln\u011b nov\u00fd automobil z n\u011bjak\u00e9ho salonu. M\u016f\u017ee to b\u00fdt samoz\u0159ejm\u011b tak\u00e9 u\u017e ojet\u00fd automobil. Proto\u017ee jsem si \u0159ekla, \u017ee lid\u00e9, ne\u017e se za\u010dnou rozhodovat, jak\u00fd automobil si po\u0159\u00edd\u00ed, \u017ee by se tak\u00e9 m\u011bli propo\u010d\u00edtat sv\u00e9 finance. Proto\u017ee ne v\u0161echno je levn\u00e9. J\u00e1 sama jsem si \u0159ekla, \u017ee kdybych kupovala automobil, \u017ee bych si v\u0161echno po\u0159\u00e1dn\u011b propo\u010d\u00edtala. Tak\u00e9 bych se pod\u00edvala na v\u00edce webov\u00fdch str\u00e1nek, abych na\u0161la n\u011bjak\u00fd kvalitn\u00ed automobil, kter\u00fd by byl \u00fapln\u011b ide\u00e1ln\u00ed pro m\u011b. Tak\u00e9 bych se pod\u00edvala na n\u011bjak\u00e9 leasingy nebo \u00fav\u011bry.T\u0159eba, pokud bych na\u0161la n\u011bjakou firmu, kter\u00e1 poskytuje leasing anebo \u00fav\u011br, tak bych toho cht\u011bla jist\u011b vyu\u017e\u00edt. Podle m\u00e9ho n\u00e1zoru je prima, \u017ee jsou firmy, kter\u00e9 v\u00e1m pr\u00e1v\u011b zafinancuj\u00ed automobil. A to dokonce, i kdy\u017e dlu\u017e\u00edte. V\u017edycky jsem cht\u011bla m\u00edt n\u011bjak\u00fd automobil. A kdy\u017e jsem ud\u011blala \u0159idi\u010dsk\u00e9 opr\u00e1vn\u011bn\u00ed, tak jsem zd\u011bdila po babi\u010dce takov\u00e9 star\u0161\u00ed auto. Sice ano opravdu kr\u00e1sn\u011b jezdilo a fungovalo, ale jist\u011b si dok\u00e1\u017eete p\u0159edstavit ten vzhled toho auta. Babi\u010dka ani d\u011bde\u010dek se o vzhled auta moc nestarali. Tak\u017ee i kdy\u017e jsem dala automobil do my\u010dky, tak stejn\u011b to auto vypadalo st\u00e1le divn\u011b. Pot\u0159ebovalo to snad \u00fapln\u011b nov\u00fd lak a tak\u00e9 nov\u00e9 seda\u010dky, proto\u017ee moji prarodi\u010de v tom vozili tak\u00e9 sv\u00e9 dva\u00a0velk\u00e9 n\u011bmeck\u00e9 ov\u010d\u00e1ky. Tak\u017ee v\u0161ude to p\u00e1chlo psinou\u00a0a tak\u00e9 seda\u010dky byly \u00fapln\u011b rozedran\u00e9 od dr\u00e1p\u016f. Dokonce 1 seda\u010dka byla i pokousan\u00e1. A j\u00e1 si mysl\u00edm, \u017ee kdy\u017e potom si n\u011bkoho najdete, s k\u00fdm chcete j\u00edst v automobilu a budete tam c\u00edtit psem, tak asi nikdo by spokojen\u00fd nebyl. Tak\u017ee jsem musela tak\u00e9 komplet vym\u011bnit seda\u010dky a po dvou letech jsem si kone\u010dn\u011b u\u017e po\u0159\u00eddila sv\u016fj automobil. Sice to tak\u00e9 nebylo nic extra, ale u\u017e ten automobil tak nep\u00e1chl. Sta\u010dilo vyjet pouze jenom do venkovn\u00ed automy\u010dky a auto vypadalo opravdu skv\u011ble. Tak\u00e9 nebylo nikde v cukrov\u00e9 a nepot\u0159ebovalo nov\u00fd lak.\u00a0                                                                                                                                                                                                                                                                                                                                                                                        4.1\/5 - (12 votes)        "},{"@context":"https:\/\/schema.org\/","@type":"BreadcrumbList","itemListElement":[{"@type":"ListItem","position":1,"name":"\u0160kared\u00e9 auto","item":"https:\/\/www.ziris.cz\/skarede-auto\/#breadcrumbitem"}]}]