[{"@context":"https:\/\/schema.org\/","@type":"Article","@id":"https:\/\/www.ziris.cz\/tepla-fasada\/#Article","mainEntityOfPage":"https:\/\/www.ziris.cz\/tepla-fasada\/","headline":"Tepl\u00e1 fas\u00e1da","name":"Tepl\u00e1 fas\u00e1da","description":"Tak\u00e9 se chyst\u00e1te zateplovat anebo chcete n\u011bjakou zateplenou fas\u00e1du? Pokud ano, tak jak zateplen\u00ed fas\u00e1d a tak podobn\u011b budete pot\u0159ebovat tak\u00e9 dal\u0161\u00ed v\u011bci a dopl\u0148ky, abyste to v\u0161echno dob\u0159e zvl\u00e1dli. M\u016f\u017eete se tak\u00e9 pod\u00edvat na webov\u00e9 str\u00e1nky spiralanksys.com, kde se dozv\u00edte informace, jak na kotven\u00ed prvk\u016f do zateplen\u00fdch fas\u00e1d. To je podle m\u00e9ho n\u00e1zoru tak\u00e9","datePublished":"2024-09-17","dateModified":"2024-09-17","author":{"@type":"Person","@id":"https:\/\/www.ziris.cz\/author\/devene\/#Person","name":"devene","url":"https:\/\/www.ziris.cz\/author\/devene\/","identifier":1,"image":{"@type":"ImageObject","@id":"https:\/\/secure.gravatar.com\/avatar\/a6945111a6684c356ffa2edea93eeeab9450e38d2439d8ecd0a625f734db9218?s=96&d=mm&r=g","url":"https:\/\/secure.gravatar.com\/avatar\/a6945111a6684c356ffa2edea93eeeab9450e38d2439d8ecd0a625f734db9218?s=96&d=mm&r=g","height":96,"width":96}},"publisher":{"@type":"Organization","name":"ziris.cz","logo":{"@type":"ImageObject","@id":"\/logo.png","url":"\/logo.png","width":600,"height":60}},"image":{"@type":"ImageObject","@id":"https:\/\/www.ziris.cz\/wp-content\/uploads\/holiday-home-7101309_960_720_1.jpg","url":"https:\/\/www.ziris.cz\/wp-content\/uploads\/holiday-home-7101309_960_720_1.jpg","height":0,"width":0},"url":"https:\/\/www.ziris.cz\/tepla-fasada\/","about":["Online"],"wordCount":395,"articleBody":"   Tak\u00e9 se chyst\u00e1te zateplovat anebo chcete n\u011bjakou zateplenou fas\u00e1du? Pokud ano, tak jak zateplen\u00ed fas\u00e1d a tak podobn\u011b budete pot\u0159ebovat tak\u00e9 dal\u0161\u00ed v\u011bci a dopl\u0148ky, abyste to v\u0161echno dob\u0159e zvl\u00e1dli. M\u016f\u017eete se tak\u00e9 pod\u00edvat na webov\u00e9 str\u00e1nky spiralanksys.com, kde se dozv\u00edte informace, jak na kotven\u00ed prvk\u016f do zateplen\u00fdch fas\u00e1d. To je podle m\u00e9ho n\u00e1zoru tak\u00e9 hodn\u011b d\u016fle\u017eit\u00e9. Kotven\u00ed prvk\u016f do zateplen\u00fdch fas\u00e1d mus\u00ed prob\u00edhat odborn\u011b a mus\u00ed tohle ud\u011blat pouze jenom odborn\u00edk anebo n\u011bjak\u00fd specialista. Je mi jasn\u00e9, \u017ee byste necht\u011bli asi n\u011bkoho, kdo se v tom nevyzn\u00e1 a kdo by to ud\u011blal jenom naoko.Kdy\u017e se pod\u00edv\u00e1te je\u0161t\u011b n\u011bkolikr\u00e1t na webov\u00e9 str\u00e1nky, kter\u00e9 jsem zde uvedla, tak zjist\u00edte, \u017ee kotven\u00ed prvk\u016f do zateplen\u00fdch fas\u00e1d nen\u00ed zase tak \u00fapln\u011b jednoduch\u00e9, jak si mnoho lid\u00ed mysl\u00ed. Mnoho lid\u00ed chce u\u0161et\u0159it pen\u00edze, a tak si v\u017edycky zavolaj\u00ed n\u011bjak\u00e9ho souseda anebo \u00fapln\u011b n\u011bkoho jin\u00e9ho, kdo tohle ale nikdy v \u017eivot\u011b ned\u011blal. To j\u00e1, kdyby tohle z\u00e1le\u017eelo jenom na mn\u011b, tak bych si kotven\u00ed prvk\u016f do zateplen\u00fdch fas\u00e1d rozmyslela a cht\u011bla bych pouze odbornou firmu. Bez odborn\u00e9 firmy nebo dal\u0161\u00edch profesion\u00e1l\u016f j\u00e1 osobn\u011b bych se neobe\u0161la. Pokud i vy se chyst\u00e1te zateplovat fas\u00e1du, tak nezapome\u0148te, \u017ee mus\u00edte m\u00edt opravdu kvalitn\u00ed kotven\u00ed prvk\u016f do zateplen\u00fdch fas\u00e1d.Jinak by se v\u00e1m tohle logicky v\u016fbec nemuselo vyplatit a nemuselo by v\u00e1m to ani vydr\u017eet. A nyn\u00ed si vezm\u011bte, kdyby se t\u0159eba zaplatili opravdu hodn\u011b financ\u00ed n\u011bkomu neodborn\u00e9mu a potom by se v\u00e1m to v\u0161echno zni\u010dilo. Opravu v\u00e1m asi nikdo neud\u011bl\u00e1. Ale kdy\u017e potom tohle v\u00e1m ud\u011bl\u00e1 firma, tak m\u00e1te samoz\u0159ejm\u011b tak\u00e9 n\u011bjakou z\u00e1ruku, nebo n\u011bco podobn\u00e9ho. J\u00e1 sama, osobn\u011b bych se do toho v\u016fbec nepou\u0161t\u011bla. Cht\u011bla bych m\u00edt k opravdu kompletn\u00ed a kvalitn\u011b ud\u011blanou fas\u00e1du zateplenou fas\u00e1du. Kotven\u00ed prvk\u016f do zateplen\u00fdch fas\u00e1d je velice d\u016fle\u017eit\u00e9 a opravdu to mus\u00ed b\u00fdt odborn\u011b ud\u011blan\u00e9.                                                                                                                                                                                                                                                                                                                                                                                          4.2\/5 - (4 votes)        "},{"@context":"https:\/\/schema.org\/","@type":"BreadcrumbList","itemListElement":[{"@type":"ListItem","position":1,"name":"Tepl\u00e1 fas\u00e1da","item":"https:\/\/www.ziris.cz\/tepla-fasada\/#breadcrumbitem"}]}]